{"id":546,"date":"2011-02-08T15:32:27","date_gmt":"2011-02-08T14:32:27","guid":{"rendered":"http:\/\/johannes-heuckeroth.de\/blog\/?p=546"},"modified":"2018-04-10T20:10:29","modified_gmt":"2018-04-10T18:10:29","slug":"designabsolventen-2011-fh-nurnberg","status":"publish","type":"post","link":"https:\/\/johannes-heuckeroth.de\/blog\/inspiration\/designabsolventen-2011-fh-nurnberg\/","title":{"rendered":"Designabsolventen 2011 \u2013 FH N\u00fcrnberg"},"content":{"rendered":"<p>Am vergangenen Freitag, den 04.02.2011 gab es an der <a href=\"http:\/\/www.fh-nuernberg.de\/\">Georg-Simon-Ohm-Hochschule<\/a> eine Premiere: Die ersten Absolventen des Bachelor-Studiengangs Design stellten ihre Abschlussarbeiten zusammen mit den letzten Diplomstudierenden aus. Wie auch schon auf <a href=\"http:\/\/johannes-heuckeroth.de\/blog\/inspiration\/diplomausstellung-fh-nurnberg-kronjuwelen2010\/\">vergangenen Diplomausstellungen<\/a> gab es reichlich Abwechslung f\u00fcr die Besucher. Von Disziplinen wie CGI, Fotografie und Film \u00fcber Illustration und Grafikdesign bis hin zu Interaktionsdesign war alles geboten. B\u00fccher, Magazine, Comics, Apps, etc. <\/p>\n<p>Einige Projekte die mir pers\u00f6nlich besonders gut gefallen haben m\u00f6chte ich kurz vorstellen.<\/p>\n<p><a href=\"http:\/\/johannes-heuckeroth.de\/blog\/wp-content\/uploads\/2011\/02\/20110208-diplom-001.jpg\"><img decoding=\"async\" src=\"http:\/\/johannes-heuckeroth.de\/blog\/wp-content\/uploads\/2011\/02\/20110208-diplom-001.jpg\" alt=\"\" title=\"Clich\u00e9 ou V\u00e9rit\u00e9\" width=\"500\"  class=\"alignleft size-full wp-image-548\" srcset=\"https:\/\/johannes-heuckeroth.de\/blog\/wp-content\/uploads\/2011\/02\/20110208-diplom-001.jpg 900w, https:\/\/johannes-heuckeroth.de\/blog\/wp-content\/uploads\/2011\/02\/20110208-diplom-001-300x171.jpg 300w\" sizes=\"(max-width: 900px) 100vw, 900px\" \/><\/a><br \/>\n<!--more--><br \/>\nDen Anfang macht die Arbeit von <a href=\"http:\/\/designabsolventen2011.de\/#\/Nikola%20Zotz\">Nikola Zotz<\/a> und <a href=\"http:\/\/designabsolventen2011.de\/#\/Niki%20Heidtkamp\">Niki Heidtkamp<\/a>: Unter dem Titel &#8222;Dichtung oder Wahrheit&#8220; haben die Beiden ein Konzept f\u00fcr eine Magazinserie erstellt und untersuchen das Thema &#8222;Klischees&#8220;. Die Erstausgabe mit dem Thema Paris unter dem Titel &#8222;Clich\u00e9 ou V\u00e9rit\u00e9&#8220; bildet den Kern der Arbeit. Praktischerweise l\u00e4sst sich die gesamte Arbeit auf der <a href=\"http:\/\/clicheouverite.de\/\">dazugeh\u00f6rigen Website<\/a> betrachten.<\/p>\n<p><a href=\"http:\/\/johannes-heuckeroth.de\/blog\/wp-content\/uploads\/2011\/02\/20110208-diplom-003.jpg\"><img decoding=\"async\" src=\"http:\/\/johannes-heuckeroth.de\/blog\/wp-content\/uploads\/2011\/02\/20110208-diplom-003.jpg\" alt=\"\" title=\"Temp Magazin von Peter Riedel\" width=\"500\" class=\"alignleft size-full wp-image-549\" srcset=\"https:\/\/johannes-heuckeroth.de\/blog\/wp-content\/uploads\/2011\/02\/20110208-diplom-003.jpg 900w, https:\/\/johannes-heuckeroth.de\/blog\/wp-content\/uploads\/2011\/02\/20110208-diplom-003-300x192.jpg 300w\" sizes=\"(max-width: 900px) 100vw, 900px\" \/><\/a><\/p>\n<p>Ebenfalls ein Magazin, aber mit einem g\u00e4nzlich anderen Ansatz, hat <a href=\"http:\/\/quattropolisdesign.de\/\">Peter Riedel<\/a> konzipiert. Das so genannte <a href=\"http:\/\/temp-magazin.de\">Temp Magazin<\/a> vereint Website und Magazin. Auf einer Online-Plattform konnten Kreative ihre Arbeiten zum Thema &#8222;Kontakt&#8220; hochladen \u2013 die besten Arbeiten (ausgew\u00e4hlt durch Redaktion und Nutzer) bildeten sp\u00e4ter dann den Inhalt der Erstausgabe. Ein spannendes Konzept, das sowohl in der Durchf\u00fchrung als auch als Diplomarbeit gro\u00dfen Erfolg hatte \u2013 die Arbeit wurde als die Beste des Jahrgangs ausgezeichnet. <\/p>\n<p><\/p>\n<p><a href=\"http:\/\/johannes-heuckeroth.de\/blog\/wp-content\/uploads\/2011\/02\/20110208-diplom-022.jpg\"><img decoding=\"async\" src=\"http:\/\/johannes-heuckeroth.de\/blog\/wp-content\/uploads\/2011\/02\/20110208-diplom-022.jpg\" alt=\"\" title=\"Diplomarbeit Nico Melzer\" width=\"500\" class=\"alignleft size-full wp-image-556\" srcset=\"https:\/\/johannes-heuckeroth.de\/blog\/wp-content\/uploads\/2011\/02\/20110208-diplom-022.jpg 900w, https:\/\/johannes-heuckeroth.de\/blog\/wp-content\/uploads\/2011\/02\/20110208-diplom-022-300x185.jpg 300w\" sizes=\"(max-width: 900px) 100vw, 900px\" \/><\/a><\/p>\n<p><a href=\"http:\/\/johannes-heuckeroth.de\/blog\/wp-content\/uploads\/2011\/02\/20110208-diplom-009.jpg\"><img decoding=\"async\" src=\"http:\/\/johannes-heuckeroth.de\/blog\/wp-content\/uploads\/2011\/02\/20110208-diplom-009.jpg\" alt=\"\" title=\"Diplomarbeit Nico Melzer\" width=\"500\" class=\"alignleft size-full wp-image-556\" \/><\/a><\/p>\n<p><a href=\"http:\/\/johannes-heuckeroth.de\/blog\/wp-content\/uploads\/2011\/02\/20110208-diplom-013.jpg\"><img decoding=\"async\" src=\"http:\/\/johannes-heuckeroth.de\/blog\/wp-content\/uploads\/2011\/02\/20110208-diplom-013.jpg\" alt=\"\" title=\"Diplomarbeit Nico Melzer\" width=\"500\" class=\"alignleft size-full wp-image-556\" \/><\/a><\/p>\n<p>Aus einer ganz anderen Sparte kommt die Arbeit von <a href=\"http:\/\/designabsolventen2011.de\/#\/Nico%20Melzer\">Nico Melzer<\/a>, der in seiner Arbeit &#8222;VOM SCHEIN UND HELLER SEIN&#8220; die These untersucht, dass es keine M\u00f6glichkeit mehr gibt eine universelle Wirklichkeit zu erkennen und zu diesem Zweck mehrere Werke erstellt hat in denen man sich verlieren kann &#8211; Stark!<\/p>\n<p><\/p>\n<p><a href=\"http:\/\/johannes-heuckeroth.de\/blog\/wp-content\/uploads\/2011\/02\/20110208-diplom-017.jpg\"><img decoding=\"async\" src=\"http:\/\/johannes-heuckeroth.de\/blog\/wp-content\/uploads\/2011\/02\/20110208-diplom-017.jpg\" alt=\"\" title=\"Diplomarbeit Niko Singer\" width=\"500\" class=\"alignleft size-full wp-image-556\" \/><\/a><\/p>\n<p><a href=\"http:\/\/herrsinger.de\">Niko Singer<\/a> hat sich in seiner <a href=\"http:\/\/designabsolventen2011.de\/#\/Niko%20Singer\">Diplomarbeit<\/a> mit dem Thema &#8222;Heavy Metal&#8220; besch\u00e4ftigt und ein Buch zu diesem Thema gestaltet. <\/p>\n<p><\/p>\n<p><a href=\"http:\/\/johannes-heuckeroth.de\/blog\/wp-content\/uploads\/2011\/02\/20110208-diplom-020.jpg\"><img decoding=\"async\" src=\"http:\/\/johannes-heuckeroth.de\/blog\/wp-content\/uploads\/2011\/02\/20110208-diplom-020.jpg\" alt=\"\" title=\"Diplomarbeit Ioannis Charalambidis\" width=\"500\" class=\"alignleft size-full wp-image-556\" \/><\/a><\/p>\n<p><a href=\"http:\/\/designabsolventen2011.de\/#\/Ioannis%20Charalambidis\">Ioannis Charalambidis<\/a> zeigt in seiner f\u00fcnfteiligen Serie &#8222;Die Fallh\u00f6he&#8220; beeindruckende und inspirierende Bildwelten.<\/p>\n<p><\/p>\n<p><a href=\"http:\/\/johannes-heuckeroth.de\/blog\/wp-content\/uploads\/2011\/02\/20110208-diplom-015.jpg\"><img decoding=\"async\" src=\"http:\/\/johannes-heuckeroth.de\/blog\/wp-content\/uploads\/2011\/02\/20110208-diplom-015.jpg\" alt=\"\" title=\"Diplomarbeit Sebastian Temming\" width=\"500\" class=\"alignleft size-full wp-image-556\" \/><\/a><\/p>\n<p><a href=\"http:\/\/designabsolventen2011.de\/#\/Sebastian%20Temming\">Sebastian Temming<\/a> kombiniert in seiner CGI-Arbeit das Thema Automobil, Natur und Architektur. Unter dem Titel &#8222;Biotisch&#8220; zeigt er die Zur\u00fcckeroberung der Stadt durch die Natur in fulminanter Weise und hoher bildnerischer Qualit\u00e4t. <\/p>\n<p><\/p>\n<p><a href=\"http:\/\/johannes-heuckeroth.de\/blog\/wp-content\/uploads\/2011\/02\/20110208-diplom-008.jpg\"><img decoding=\"async\" src=\"http:\/\/johannes-heuckeroth.de\/blog\/wp-content\/uploads\/2011\/02\/20110208-diplom-008.jpg\" alt=\"\" title=\"Diplomarbeit Felix Kerscher\" width=\"500\" class=\"alignleft size-full wp-image-556\" \/><\/a><\/p>\n<p>Zum Abschluss zeigt uns <a href=\"http:\/\/felixkerscher.de\/\">Felix Kerscher<\/a> in seinem Buchprojekt das Geheimnis des fr\u00e4nkischen Sch\u00e4ufeles. Auch zu diesem sehr feinem Projekt gibt es eine eigene <a href=\"http:\/\/schaeufelebuch.de\/\">Website<\/a><\/p>\n<p>Einen \u00dcberblick \u00fcber alle Arbeiten und Absolventen gibt es auf <a href=\"http:\/\/www.designabsolventen2011.de\/\">www.designabsolventen2011.de<\/a><br \/>\nEin Bericht gibt es auch auf <a href=\"http:\/\/www.nordbayern.de\/nuernberger-nachrichten\/kultur\/fur-den-appetit-auf-starke-bilder-1.523047\">nordbayern.de<\/a><\/p>\n","protected":false},"excerpt":{"rendered":"<p>Am vergangenen Freitag, den 04.02.2011 gab es an der Georg-Simon-Ohm-Hochschule eine Premiere: Die ersten Absolventen des Bachelor-Studiengangs Design stellten ihre Abschlussarbeiten zusammen mit den letzten Diplomstudierenden aus. Wie auch schon auf vergangenen Diplomausstellungen gab es reichlich Abwechslung f\u00fcr die Besucher. Von Disziplinen wie CGI, Fotografie und Film \u00fcber Illustration und Grafikdesign bis hin zu Interaktionsdesign [&hellip;]<\/p>\n","protected":false},"author":491,"featured_media":0,"comment_status":"closed","ping_status":"open","sticky":false,"template":"","format":"standard","meta":{"footnotes":""},"categories":[28,11,31,19,9,20],"tags":[],"class_list":["post-546","post","type-post","status-publish","format-standard","hentry","category-bildbearbeitung","category-bucher","category-editorial-design","category-fotografie","category-inspiration","category-studium"],"_links":{"self":[{"href":"https:\/\/johannes-heuckeroth.de\/blog\/wp-json\/wp\/v2\/posts\/546","targetHints":{"allow":["GET"]}}],"collection":[{"href":"https:\/\/johannes-heuckeroth.de\/blog\/wp-json\/wp\/v2\/posts"}],"about":[{"href":"https:\/\/johannes-heuckeroth.de\/blog\/wp-json\/wp\/v2\/types\/post"}],"author":[{"embeddable":true,"href":"https:\/\/johannes-heuckeroth.de\/blog\/wp-json\/wp\/v2\/users\/491"}],"replies":[{"embeddable":true,"href":"https:\/\/johannes-heuckeroth.de\/blog\/wp-json\/wp\/v2\/comments?post=546"}],"version-history":[{"count":24,"href":"https:\/\/johannes-heuckeroth.de\/blog\/wp-json\/wp\/v2\/posts\/546\/revisions"}],"predecessor-version":[{"id":579,"href":"https:\/\/johannes-heuckeroth.de\/blog\/wp-json\/wp\/v2\/posts\/546\/revisions\/579"}],"wp:attachment":[{"href":"https:\/\/johannes-heuckeroth.de\/blog\/wp-json\/wp\/v2\/media?parent=546"}],"wp:term":[{"taxonomy":"category","embeddable":true,"href":"https:\/\/johannes-heuckeroth.de\/blog\/wp-json\/wp\/v2\/categories?post=546"},{"taxonomy":"post_tag","embeddable":true,"href":"https:\/\/johannes-heuckeroth.de\/blog\/wp-json\/wp\/v2\/tags?post=546"}],"curies":[{"name":"wp","href":"https:\/\/api.w.org\/{rel}","templated":true}]}}