{"id":635,"date":"2011-10-05T13:59:47","date_gmt":"2011-10-05T11:59:47","guid":{"rendered":"http:\/\/johannes-heuckeroth.de\/blog\/?p=635"},"modified":"2018-04-10T20:10:17","modified_gmt":"2018-04-10T18:10:17","slug":"designersnight-4-freitag-der-15-oktober-an-der-fh-nurnberg","status":"publish","type":"post","link":"https:\/\/johannes-heuckeroth.de\/blog\/inspiration\/designersnight-4-freitag-der-15-oktober-an-der-fh-nurnberg\/","title":{"rendered":"Designersnight 4: Freitag, der 15.Oktober an der FH N\u00fcrnberg"},"content":{"rendered":"<p><a href=\"http:\/\/www.designersnight.de\/\"><img loading=\"lazy\" decoding=\"async\" src=\"http:\/\/johannes-heuckeroth.de\/blog\/wp-content\/uploads\/2011\/10\/dn4.jpg\" alt=\"\" title=\"dn4\" width=\"500\" height=\"269\" class=\"alignleft size-full wp-image-637\" srcset=\"https:\/\/johannes-heuckeroth.de\/blog\/wp-content\/uploads\/2011\/10\/dn4.jpg 500w, https:\/\/johannes-heuckeroth.de\/blog\/wp-content\/uploads\/2011\/10\/dn4-300x161.jpg 300w\" sizes=\"auto, (max-width: 500px) 100vw, 500px\" \/><\/a><\/p>\n<p>Auch dieses Jahr findet wieder eine <a href=\"http:\/\/www.designersnight.de\/\">Desigersnights<\/a> an der Georg-Ohm-Hochschule in N\u00fcrnberg statt. Die Studenten der Fakult\u00e4t Design zeigen ab Freitag, den 15.10. eine Woche lang ihre Arbeiten. Hier der offizielle Ank\u00fcndigungstext:<\/p>\n<blockquote><p>Unter dem Motto &#8222;Hier spielen wir!&#8220; veranstaltet die Fakult\u00e4t Design der FH N\u00fcrnberg zum vierten Mal die Designers Night. Ab dem 14. Oktober zeigen Studierende aus allen Semestern eine Woche lang ihre Arbeiten einer interessierten \u00d6ffentlichkeit. Unter allen ausgestellten Exponaten pr\u00e4miert der DesignVerein die beste Arbeit mit dem begehrten DN Award. Gefeiert wird im Anschluss zur Vernissage in der Hochschule mit Prinz Gail und DJ Verzauberte Maus von der Muckibude. <\/p><\/blockquote>\n<p>Ich selbst werde ein Fotobuch mit verschiedenen Fotoserien aus Paris ausstellen.<br \/>\nDie Ausstellung ist auch im Rahmen der langen Nacht der Wissenschaft am 22.Oktober von 18:00-01:00 Uhr zug\u00e4nglich. Schaut vorbei!<\/p>\n","protected":false},"excerpt":{"rendered":"<p>Auch dieses Jahr findet wieder eine Desigersnights an der Georg-Ohm-Hochschule in N\u00fcrnberg statt. Die Studenten der Fakult\u00e4t Design zeigen ab Freitag, den 15.10. eine Woche lang ihre Arbeiten. Hier der offizielle Ank\u00fcndigungstext: Unter dem Motto &#8222;Hier spielen wir!&#8220; veranstaltet die Fakult\u00e4t Design der FH N\u00fcrnberg zum vierten Mal die Designers Night. Ab dem 14. Oktober [&hellip;]<\/p>\n","protected":false},"author":491,"featured_media":0,"comment_status":"closed","ping_status":"open","sticky":false,"template":"","format":"standard","meta":{"footnotes":""},"categories":[24,9,20],"tags":[37,73],"class_list":["post-635","post","type-post","status-publish","format-standard","hentry","category-in-eigener-sache","category-inspiration","category-studium","tag-ausstellung","tag-vernissage"],"_links":{"self":[{"href":"https:\/\/johannes-heuckeroth.de\/blog\/wp-json\/wp\/v2\/posts\/635","targetHints":{"allow":["GET"]}}],"collection":[{"href":"https:\/\/johannes-heuckeroth.de\/blog\/wp-json\/wp\/v2\/posts"}],"about":[{"href":"https:\/\/johannes-heuckeroth.de\/blog\/wp-json\/wp\/v2\/types\/post"}],"author":[{"embeddable":true,"href":"https:\/\/johannes-heuckeroth.de\/blog\/wp-json\/wp\/v2\/users\/491"}],"replies":[{"embeddable":true,"href":"https:\/\/johannes-heuckeroth.de\/blog\/wp-json\/wp\/v2\/comments?post=635"}],"version-history":[{"count":5,"href":"https:\/\/johannes-heuckeroth.de\/blog\/wp-json\/wp\/v2\/posts\/635\/revisions"}],"predecessor-version":[{"id":641,"href":"https:\/\/johannes-heuckeroth.de\/blog\/wp-json\/wp\/v2\/posts\/635\/revisions\/641"}],"wp:attachment":[{"href":"https:\/\/johannes-heuckeroth.de\/blog\/wp-json\/wp\/v2\/media?parent=635"}],"wp:term":[{"taxonomy":"category","embeddable":true,"href":"https:\/\/johannes-heuckeroth.de\/blog\/wp-json\/wp\/v2\/categories?post=635"},{"taxonomy":"post_tag","embeddable":true,"href":"https:\/\/johannes-heuckeroth.de\/blog\/wp-json\/wp\/v2\/tags?post=635"}],"curies":[{"name":"wp","href":"https:\/\/api.w.org\/{rel}","templated":true}]}}